{"id":31826,"date":"2025-12-10T14:13:43","date_gmt":"2025-12-10T13:13:43","guid":{"rendered":"https:\/\/robinmeier.net\/?p=31826"},"modified":"2026-03-22T10:50:55","modified_gmt":"2026-03-22T09:50:55","slug":"the-mind-body-problem-a-la-radio-suisse-romande","status":"publish","type":"post","link":"https:\/\/robinmeier.net\/?p=31826","title":{"rendered":"The Mind-Body Problem \u00e0 la Radio Suisse Romande"},"content":{"rendered":"\n<p>Des chercheurs et un artiste sonore ont men\u00e9 une exp\u00e9rience in\u00e9dite\u202f: isoler et reproduire les sons des chants dont r\u00eavent les oiseaux. Le fruit de cette collaboration, une exposition immersive \u00e0 l&#8217;Universit\u00e9 de Gen\u00e8ve, permet d&#8217;entendre ces m\u00e9lodies oniriques, souvent annonciatrices de leurs futurs chants.<\/p>\n\n\n\n<p>L\u2019artiste sonore Robin Meier Wiratunga est l&#8217;invit\u00e9 d&#8217;Anne-Julie Ruz.<\/p>\n\n\n\n<p><a href=\"https:\/\/www.rts.ch\/emissions\/cqfd\">https:\/\/www.rts.ch\/emissions\/cqfd<\/a><\/p>\n\n\n\n<figure class=\"wp-block-audio\"><audio controls src=\"https:\/\/robinmeier.net\/wp-content\/uploads\/2025\/12\/Les-r-ves-des-oiseaux.mp3\"><\/audio><\/figure>\n","protected":false},"excerpt":{"rendered":"<p>Des chercheurs et un artiste sonore ont men\u00e9 une exp\u00e9rience in\u00e9dite\u202f: isoler et reproduire les sons des chants dont r\u00eavent les oiseaux. Le fruit de cette collaboration, une exposition immersive \u00e0 l&#8217;Universit\u00e9 de Gen\u00e8ve, permet d&#8217;entendre ces m\u00e9lodies oniriques, souvent annonciatrices de leurs futurs chants. L\u2019artiste sonore Robin Meier Wiratunga est l&#8217;invit\u00e9 d&#8217;Anne-Julie Ruz. https:\/\/www.rts.ch\/emissions\/cqfd<\/p>\n","protected":false},"author":1,"featured_media":31828,"comment_status":"closed","ping_status":"open","sticky":false,"template":"","format":"standard","meta":{"footnotes":""},"categories":[6,108],"tags":[82,58],"class_list":["post-31826","post","type-post","status-publish","format-standard","has-post-thumbnail","hentry","category-press-media","category-talks","tag-publications","tag-radio"],"yoast_head":"<!-- This site is optimized with the Yoast SEO plugin v27.4 - https:\/\/yoast.com\/product\/yoast-seo-wordpress\/ -->\n<title>The Mind-Body Problem \u00e0 la Radio Suisse Romande - robin meier wiratunga<\/title>\n<meta name=\"robots\" content=\"index, follow, max-snippet:-1, max-image-preview:large, max-video-preview:-1\" \/>\n<link rel=\"canonical\" href=\"https:\/\/robinmeier.net\/?p=31826\" \/>\n<meta property=\"og:locale\" content=\"en_US\" \/>\n<meta property=\"og:type\" content=\"article\" \/>\n<meta property=\"og:title\" content=\"The Mind-Body Problem \u00e0 la Radio Suisse Romande - robin meier wiratunga\" \/>\n<meta property=\"og:description\" content=\"Des chercheurs et un artiste sonore ont men\u00e9 une exp\u00e9rience in\u00e9dite\u202f: isoler et reproduire les sons des chants dont r\u00eavent les oiseaux. Le fruit de cette collaboration, une exposition immersive \u00e0 l&#8217;Universit\u00e9 de Gen\u00e8ve, permet d&#8217;entendre ces m\u00e9lodies oniriques, souvent annonciatrices de leurs futurs chants. L\u2019artiste sonore Robin Meier Wiratunga est l&#8217;invit\u00e9 d&#8217;Anne-Julie Ruz. https:\/\/www.rts.ch\/emissions\/cqfd\" \/>\n<meta property=\"og:url\" content=\"https:\/\/robinmeier.net\/?p=31826\" \/>\n<meta property=\"og:site_name\" content=\"robin meier wiratunga\" \/>\n<meta property=\"article:published_time\" content=\"2025-12-10T13:13:43+00:00\" \/>\n<meta property=\"article:modified_time\" content=\"2026-03-22T09:50:55+00:00\" \/>\n<meta property=\"og:image\" content=\"https:\/\/robinmeier.net\/wp-content\/uploads\/2025\/12\/Les-r-ves-des-oiseaux-mp3-image.jpg\" \/>\n\t<meta property=\"og:image:width\" content=\"320\" \/>\n\t<meta property=\"og:image:height\" content=\"320\" \/>\n\t<meta property=\"og:image:type\" content=\"image\/jpeg\" \/>\n<meta name=\"author\" content=\"admin\" \/>\n<meta name=\"twitter:card\" content=\"summary_large_image\" \/>\n<meta name=\"twitter:label1\" content=\"Written by\" \/>\n\t<meta name=\"twitter:data1\" content=\"admin\" \/>\n<script type=\"application\/ld+json\" class=\"yoast-schema-graph\">{\"@context\":\"https:\\\/\\\/schema.org\",\"@graph\":[{\"@type\":\"Article\",\"@id\":\"https:\\\/\\\/robinmeier.net\\\/?p=31826#article\",\"isPartOf\":{\"@id\":\"https:\\\/\\\/robinmeier.net\\\/?p=31826\"},\"author\":{\"name\":\"admin\",\"@id\":\"https:\\\/\\\/robinmeier.net\\\/#\\\/schema\\\/person\\\/4bb244780550926b09928d8d11a13fd0\"},\"headline\":\"The Mind-Body Problem \u00e0 la Radio Suisse Romande\",\"datePublished\":\"2025-12-10T13:13:43+00:00\",\"dateModified\":\"2026-03-22T09:50:55+00:00\",\"mainEntityOfPage\":{\"@id\":\"https:\\\/\\\/robinmeier.net\\\/?p=31826\"},\"wordCount\":76,\"image\":{\"@id\":\"https:\\\/\\\/robinmeier.net\\\/?p=31826#primaryimage\"},\"thumbnailUrl\":\"https:\\\/\\\/robinmeier.net\\\/wp-content\\\/uploads\\\/2025\\\/12\\\/Les-r-ves-des-oiseaux-mp3-image.jpg\",\"keywords\":[\"publications\",\"radio\"],\"articleSection\":[\"press\\\/media\",\"talks\"],\"inLanguage\":\"en-US\"},{\"@type\":\"WebPage\",\"@id\":\"https:\\\/\\\/robinmeier.net\\\/?p=31826\",\"url\":\"https:\\\/\\\/robinmeier.net\\\/?p=31826\",\"name\":\"The Mind-Body Problem \u00e0 la Radio Suisse Romande - robin meier wiratunga\",\"isPartOf\":{\"@id\":\"https:\\\/\\\/robinmeier.net\\\/#website\"},\"primaryImageOfPage\":{\"@id\":\"https:\\\/\\\/robinmeier.net\\\/?p=31826#primaryimage\"},\"image\":{\"@id\":\"https:\\\/\\\/robinmeier.net\\\/?p=31826#primaryimage\"},\"thumbnailUrl\":\"https:\\\/\\\/robinmeier.net\\\/wp-content\\\/uploads\\\/2025\\\/12\\\/Les-r-ves-des-oiseaux-mp3-image.jpg\",\"datePublished\":\"2025-12-10T13:13:43+00:00\",\"dateModified\":\"2026-03-22T09:50:55+00:00\",\"author\":{\"@id\":\"https:\\\/\\\/robinmeier.net\\\/#\\\/schema\\\/person\\\/4bb244780550926b09928d8d11a13fd0\"},\"breadcrumb\":{\"@id\":\"https:\\\/\\\/robinmeier.net\\\/?p=31826#breadcrumb\"},\"inLanguage\":\"en-US\",\"potentialAction\":[{\"@type\":\"ReadAction\",\"target\":[\"https:\\\/\\\/robinmeier.net\\\/?p=31826\"]}]},{\"@type\":\"ImageObject\",\"inLanguage\":\"en-US\",\"@id\":\"https:\\\/\\\/robinmeier.net\\\/?p=31826#primaryimage\",\"url\":\"https:\\\/\\\/robinmeier.net\\\/wp-content\\\/uploads\\\/2025\\\/12\\\/Les-r-ves-des-oiseaux-mp3-image.jpg\",\"contentUrl\":\"https:\\\/\\\/robinmeier.net\\\/wp-content\\\/uploads\\\/2025\\\/12\\\/Les-r-ves-des-oiseaux-mp3-image.jpg\",\"width\":320,\"height\":320},{\"@type\":\"BreadcrumbList\",\"@id\":\"https:\\\/\\\/robinmeier.net\\\/?p=31826#breadcrumb\",\"itemListElement\":[{\"@type\":\"ListItem\",\"position\":1,\"name\":\"Home\",\"item\":\"https:\\\/\\\/robinmeier.net\\\/\"},{\"@type\":\"ListItem\",\"position\":2,\"name\":\"The Mind-Body Problem \u00e0 la Radio Suisse Romande\"}]},{\"@type\":\"WebSite\",\"@id\":\"https:\\\/\\\/robinmeier.net\\\/#website\",\"url\":\"https:\\\/\\\/robinmeier.net\\\/\",\"name\":\"robin meier wiratunga\",\"description\":\"artist website and portfolio\",\"potentialAction\":[{\"@type\":\"SearchAction\",\"target\":{\"@type\":\"EntryPoint\",\"urlTemplate\":\"https:\\\/\\\/robinmeier.net\\\/?s={search_term_string}\"},\"query-input\":{\"@type\":\"PropertyValueSpecification\",\"valueRequired\":true,\"valueName\":\"search_term_string\"}}],\"inLanguage\":\"en-US\"},{\"@type\":\"Person\",\"@id\":\"https:\\\/\\\/robinmeier.net\\\/#\\\/schema\\\/person\\\/4bb244780550926b09928d8d11a13fd0\",\"name\":\"admin\",\"image\":{\"@type\":\"ImageObject\",\"inLanguage\":\"en-US\",\"@id\":\"https:\\\/\\\/secure.gravatar.com\\\/avatar\\\/4300ef5db4c1119caab717a4f56d23ec6e575d5e9adcb709f19302aa42fdfdd1?s=96&d=mm&r=g\",\"url\":\"https:\\\/\\\/secure.gravatar.com\\\/avatar\\\/4300ef5db4c1119caab717a4f56d23ec6e575d5e9adcb709f19302aa42fdfdd1?s=96&d=mm&r=g\",\"contentUrl\":\"https:\\\/\\\/secure.gravatar.com\\\/avatar\\\/4300ef5db4c1119caab717a4f56d23ec6e575d5e9adcb709f19302aa42fdfdd1?s=96&d=mm&r=g\",\"caption\":\"admin\"},\"url\":\"https:\\\/\\\/robinmeier.net\\\/?author=1\"}]}<\/script>\n<!-- \/ Yoast SEO plugin. -->","yoast_head_json":{"title":"The Mind-Body Problem \u00e0 la Radio Suisse Romande - robin meier wiratunga","robots":{"index":"index","follow":"follow","max-snippet":"max-snippet:-1","max-image-preview":"max-image-preview:large","max-video-preview":"max-video-preview:-1"},"canonical":"https:\/\/robinmeier.net\/?p=31826","og_locale":"en_US","og_type":"article","og_title":"The Mind-Body Problem \u00e0 la Radio Suisse Romande - robin meier wiratunga","og_description":"Des chercheurs et un artiste sonore ont men\u00e9 une exp\u00e9rience in\u00e9dite\u202f: isoler et reproduire les sons des chants dont r\u00eavent les oiseaux. Le fruit de cette collaboration, une exposition immersive \u00e0 l&#8217;Universit\u00e9 de Gen\u00e8ve, permet d&#8217;entendre ces m\u00e9lodies oniriques, souvent annonciatrices de leurs futurs chants. L\u2019artiste sonore Robin Meier Wiratunga est l&#8217;invit\u00e9 d&#8217;Anne-Julie Ruz. https:\/\/www.rts.ch\/emissions\/cqfd","og_url":"https:\/\/robinmeier.net\/?p=31826","og_site_name":"robin meier wiratunga","article_published_time":"2025-12-10T13:13:43+00:00","article_modified_time":"2026-03-22T09:50:55+00:00","og_image":[{"width":320,"height":320,"url":"https:\/\/robinmeier.net\/wp-content\/uploads\/2025\/12\/Les-r-ves-des-oiseaux-mp3-image.jpg","type":"image\/jpeg"}],"author":"admin","twitter_card":"summary_large_image","twitter_misc":{"Written by":"admin"},"schema":{"@context":"https:\/\/schema.org","@graph":[{"@type":"Article","@id":"https:\/\/robinmeier.net\/?p=31826#article","isPartOf":{"@id":"https:\/\/robinmeier.net\/?p=31826"},"author":{"name":"admin","@id":"https:\/\/robinmeier.net\/#\/schema\/person\/4bb244780550926b09928d8d11a13fd0"},"headline":"The Mind-Body Problem \u00e0 la Radio Suisse Romande","datePublished":"2025-12-10T13:13:43+00:00","dateModified":"2026-03-22T09:50:55+00:00","mainEntityOfPage":{"@id":"https:\/\/robinmeier.net\/?p=31826"},"wordCount":76,"image":{"@id":"https:\/\/robinmeier.net\/?p=31826#primaryimage"},"thumbnailUrl":"https:\/\/robinmeier.net\/wp-content\/uploads\/2025\/12\/Les-r-ves-des-oiseaux-mp3-image.jpg","keywords":["publications","radio"],"articleSection":["press\/media","talks"],"inLanguage":"en-US"},{"@type":"WebPage","@id":"https:\/\/robinmeier.net\/?p=31826","url":"https:\/\/robinmeier.net\/?p=31826","name":"The Mind-Body Problem \u00e0 la Radio Suisse Romande - robin meier wiratunga","isPartOf":{"@id":"https:\/\/robinmeier.net\/#website"},"primaryImageOfPage":{"@id":"https:\/\/robinmeier.net\/?p=31826#primaryimage"},"image":{"@id":"https:\/\/robinmeier.net\/?p=31826#primaryimage"},"thumbnailUrl":"https:\/\/robinmeier.net\/wp-content\/uploads\/2025\/12\/Les-r-ves-des-oiseaux-mp3-image.jpg","datePublished":"2025-12-10T13:13:43+00:00","dateModified":"2026-03-22T09:50:55+00:00","author":{"@id":"https:\/\/robinmeier.net\/#\/schema\/person\/4bb244780550926b09928d8d11a13fd0"},"breadcrumb":{"@id":"https:\/\/robinmeier.net\/?p=31826#breadcrumb"},"inLanguage":"en-US","potentialAction":[{"@type":"ReadAction","target":["https:\/\/robinmeier.net\/?p=31826"]}]},{"@type":"ImageObject","inLanguage":"en-US","@id":"https:\/\/robinmeier.net\/?p=31826#primaryimage","url":"https:\/\/robinmeier.net\/wp-content\/uploads\/2025\/12\/Les-r-ves-des-oiseaux-mp3-image.jpg","contentUrl":"https:\/\/robinmeier.net\/wp-content\/uploads\/2025\/12\/Les-r-ves-des-oiseaux-mp3-image.jpg","width":320,"height":320},{"@type":"BreadcrumbList","@id":"https:\/\/robinmeier.net\/?p=31826#breadcrumb","itemListElement":[{"@type":"ListItem","position":1,"name":"Home","item":"https:\/\/robinmeier.net\/"},{"@type":"ListItem","position":2,"name":"The Mind-Body Problem \u00e0 la Radio Suisse Romande"}]},{"@type":"WebSite","@id":"https:\/\/robinmeier.net\/#website","url":"https:\/\/robinmeier.net\/","name":"robin meier wiratunga","description":"artist website and portfolio","potentialAction":[{"@type":"SearchAction","target":{"@type":"EntryPoint","urlTemplate":"https:\/\/robinmeier.net\/?s={search_term_string}"},"query-input":{"@type":"PropertyValueSpecification","valueRequired":true,"valueName":"search_term_string"}}],"inLanguage":"en-US"},{"@type":"Person","@id":"https:\/\/robinmeier.net\/#\/schema\/person\/4bb244780550926b09928d8d11a13fd0","name":"admin","image":{"@type":"ImageObject","inLanguage":"en-US","@id":"https:\/\/secure.gravatar.com\/avatar\/4300ef5db4c1119caab717a4f56d23ec6e575d5e9adcb709f19302aa42fdfdd1?s=96&d=mm&r=g","url":"https:\/\/secure.gravatar.com\/avatar\/4300ef5db4c1119caab717a4f56d23ec6e575d5e9adcb709f19302aa42fdfdd1?s=96&d=mm&r=g","contentUrl":"https:\/\/secure.gravatar.com\/avatar\/4300ef5db4c1119caab717a4f56d23ec6e575d5e9adcb709f19302aa42fdfdd1?s=96&d=mm&r=g","caption":"admin"},"url":"https:\/\/robinmeier.net\/?author=1"}]}},"_links":{"self":[{"href":"https:\/\/robinmeier.net\/index.php?rest_route=\/wp\/v2\/posts\/31826","targetHints":{"allow":["GET"]}}],"collection":[{"href":"https:\/\/robinmeier.net\/index.php?rest_route=\/wp\/v2\/posts"}],"about":[{"href":"https:\/\/robinmeier.net\/index.php?rest_route=\/wp\/v2\/types\/post"}],"author":[{"embeddable":true,"href":"https:\/\/robinmeier.net\/index.php?rest_route=\/wp\/v2\/users\/1"}],"replies":[{"embeddable":true,"href":"https:\/\/robinmeier.net\/index.php?rest_route=%2Fwp%2Fv2%2Fcomments&post=31826"}],"version-history":[{"count":1,"href":"https:\/\/robinmeier.net\/index.php?rest_route=\/wp\/v2\/posts\/31826\/revisions"}],"predecessor-version":[{"id":31829,"href":"https:\/\/robinmeier.net\/index.php?rest_route=\/wp\/v2\/posts\/31826\/revisions\/31829"}],"wp:featuredmedia":[{"embeddable":true,"href":"https:\/\/robinmeier.net\/index.php?rest_route=\/wp\/v2\/media\/31828"}],"wp:attachment":[{"href":"https:\/\/robinmeier.net\/index.php?rest_route=%2Fwp%2Fv2%2Fmedia&parent=31826"}],"wp:term":[{"taxonomy":"category","embeddable":true,"href":"https:\/\/robinmeier.net\/index.php?rest_route=%2Fwp%2Fv2%2Fcategories&post=31826"},{"taxonomy":"post_tag","embeddable":true,"href":"https:\/\/robinmeier.net\/index.php?rest_route=%2Fwp%2Fv2%2Ftags&post=31826"}],"curies":[{"name":"wp","href":"https:\/\/api.w.org\/{rel}","templated":true}]}}